{"id":817,"date":"2025-10-07T22:59:55","date_gmt":"2025-10-07T20:59:55","guid":{"rendered":"https:\/\/dotaupha.com\/?p=817"},"modified":"2025-10-07T23:04:47","modified_gmt":"2025-10-07T21:04:47","slug":"seminaire-dotaupha-au-cefca-dabidjan","status":"publish","type":"post","link":"https:\/\/dotaupha.com\/fr\/seminaire-dotaupha-au-cefca-dabidjan","title":{"rendered":"S\u00e9minaire DOTAUPHA au CEFCA d\u2019Abidjan"},"content":{"rendered":"\n<h2 class=\"wp-block-heading\"><strong>Former une nouvelle g\u00e9n\u00e9ration de serviteurs<\/strong><\/h2>\n\n\n\n<p><strong>Pasteur Simon K\u00c9GLO<\/strong> et <strong>Alain FORSTER<\/strong> se sont rendus \u00e0 Abidjan pour animer un s\u00e9minaire destin\u00e9 \u00e0 former des pasteurs et des responsables d\u2019\u00c9glises.<br>Le Centre \u00c9vang\u00e9lique de Formation en Communication pour l\u2019Afrique (CEFCA) a invit\u00e9 DOTAUPHA afin de contribuer \u00e0 accompagner cette nouvelle g\u00e9n\u00e9ration de serviteurs de Dieu dans leur formation.<\/p>\n\n\n\n<figure class=\"wp-block-image size-large is-resized\"><img loading=\"lazy\" decoding=\"async\" width=\"769\" height=\"1024\" src=\"https:\/\/dotaupha.com\/wp-content\/uploads\/2025\/10\/WhatsApp-Image-2025-08-23-at-8.39.34-AM-769x1024.jpeg\" alt=\"\" class=\"wp-image-818\" style=\"width:780px;height:auto\" \/><figcaption class=\"wp-element-caption\"><em>Formateurs DOTAUPHA, Simon KEGLO et Alain FORSTER<\/em><\/figcaption><\/figure>\n\n\n\n<pre class=\"wp-block-preformatted\"><\/pre>\n\n\n\n<h2 class=\"wp-block-heading\"><strong>Un enseignement intensif sur l\u2019interpr\u00e9tation du Nouveau Testament<\/strong><\/h2>\n\n\n<p>Le s\u00e9minaire DOTAUPHA <em>\u00abComment bien interpr\u00e9ter la Parole de Dieu (Nouveau Testament)\u00bb<\/em> s\u2019est tenu du 18 au 22 ao\u00fbt 2025.<br \/>Il a propos\u00e9 environ 35 heures de cours et de travaux pratiques, avec notamment des exercices en groupe et un devoir sur table.<\/p>\n\n\n<h2 class=\"wp-block-heading\"><strong>Des \u00e9tudiants motiv\u00e9s et reconnaissants<\/strong><\/h2>\n\n\n\n<p>Nous sommes reconnaissants au Seigneur pour l\u2019int\u00e9r\u00eat manifest\u00e9 par les 28 \u00e9tudiants pr\u00e9sents. Leur d\u00e9sir d\u2019\u00e9tudier la Parole de Dieu de mani\u00e8re approfondie et de mettre en pratique les enseignements re\u00e7us durant cette<strong> <\/strong>formation a \u00e9t\u00e9 une grande source d\u2019encouragement.<\/p>\n\n\n\n<figure class=\"wp-block-image size-large\"><img loading=\"lazy\" decoding=\"async\" width=\"1024\" height=\"769\" src=\"https:\/\/dotaupha.com\/wp-content\/uploads\/2025\/10\/IMG_20250822_160450-1024x769.jpg\" alt=\"\" class=\"wp-image-819\" srcset=\"https:\/\/dotaupha.com\/wp-content\/uploads\/2025\/10\/IMG_20250822_160450-980x736.jpg 980w, https:\/\/dotaupha.com\/wp-content\/uploads\/2025\/10\/IMG_20250822_160450-480x360.jpg 480w\" sizes=\"(min-width: 0px) and (max-width: 480px) 480px, (min-width: 481px) and (max-width: 980px) 980px, (min-width: 981px) 1024px, 100vw\" \/><figcaption class=\"wp-element-caption\"><em>Photo d\u2019ensemble du groupe en cours de s\u00e9minaire<\/em><\/figcaption><\/figure>\n\n\n\n<h2 class=\"wp-block-heading\"><strong>Vers un partenariat durable<\/strong><\/h2>\n\n\n\n<p>Le CEFCA, qui accueille r\u00e9guli\u00e8rement des \u00e9tudiants tout au long de l\u2019ann\u00e9e, joue un r\u00f4le essentiel pour \u00e9quiper une nouvelle g\u00e9n\u00e9ration de serviteurs de Dieu en Afrique francophone. Conscient de l\u2019importance de ce travail, son responsable a exprim\u00e9 le souhait de voir se poursuivre le partenariat avec DOTAUPHA afin que d\u2019autres s\u00e9minaires puissent \u00eatre organis\u00e9s lors des sessions estivales \u00e0 venir.<\/p>\n\n\n\n<p><\/p>\n\n\n\n<figure class=\"wp-block-image size-large\"><img loading=\"lazy\" decoding=\"async\" width=\"1024\" height=\"770\" src=\"https:\/\/dotaupha.com\/wp-content\/uploads\/2025\/10\/WhatsApp-Image-2025-08-23-at-8.13.19-AM-1-1024x770.jpeg\" alt=\"\" class=\"wp-image-820\" srcset=\"https:\/\/dotaupha.com\/wp-content\/uploads\/2025\/10\/WhatsApp-Image-2025-08-23-at-8.13.19-AM-1-1024x770.jpeg 1024w, https:\/\/dotaupha.com\/wp-content\/uploads\/2025\/10\/WhatsApp-Image-2025-08-23-at-8.13.19-AM-1-980x737.jpeg 980w, https:\/\/dotaupha.com\/wp-content\/uploads\/2025\/10\/WhatsApp-Image-2025-08-23-at-8.13.19-AM-1-480x361.jpeg 480w\" sizes=\"(min-width: 0px) and (max-width: 480px) 480px, (min-width: 481px) and (max-width: 980px) 980px, (min-width: 981px) 1024px, 100vw\" \/><figcaption class=\"wp-element-caption\"><em>Photo de groupe, formateurs DOTAUPHA et \u00e9tudiants du CEFCA<\/em><\/figcaption><\/figure>\n\n\n<p style=\"text-align: justify\">Nous voyons dans cette collaboration un signe de la fid\u00e9lit\u00e9 du Seigneur et une belle opportunit\u00e9 de contribuer, \u00e0 notre mesure, \u00e0 la formation biblique et th\u00e9ologique de ceux qui portent la responsabilit\u00e9 d\u2019enseigner et de conduire l\u2019\u00c9glise.<\/p>\n<p style=\"text-align: center\"><em>\u00ab\u00a0<strong>Et ce que tu as entendu de moi en pr\u00e9sence de nombreux t\u00e9moins, confie-le \u00e0 des hommes fid\u00e8les, qui soient capables de l\u2019enseigner aussi \u00e0 d\u2019autres.\u00a0\u00bb<\/strong><\/em><strong> (2 Timoth\u00e9e 2:2)<\/strong><\/p>","protected":false},"excerpt":{"rendered":"<p>Former une nouvelle g\u00e9n\u00e9ration de serviteurs Pasteur Simon K\u00c9GLO et Alain FORSTER se sont rendus \u00e0 Abidjan pour animer un s\u00e9minaire destin\u00e9 \u00e0 former des pasteurs et des responsables d\u2019\u00c9glises.Le Centre \u00c9vang\u00e9lique de Formation en Communication pour l\u2019Afrique (CEFCA) a invit\u00e9 DOTAUPHA afin de contribuer \u00e0 accompagner cette nouvelle g\u00e9n\u00e9ration de serviteurs de Dieu dans [&hellip;]<\/p>\n","protected":false},"author":2,"featured_media":0,"comment_status":"open","ping_status":"open","sticky":false,"template":"","format":"standard","meta":{"_et_pb_use_builder":"off","_et_pb_old_content":"<!-- wp:heading -->\n<h2 class=\"wp-block-heading\"><strong>Former une nouvelle g\u00e9n\u00e9ration de serviteurs<\/strong><\/h2>\n<!-- \/wp:heading -->\n\n<!-- wp:paragraph -->\n<p><strong>Pasteur Simon K\u00c9GLO<\/strong> et <strong>Alain FORSTER<\/strong> se sont rendus \u00e0 Abidjan pour animer un s\u00e9minaire destin\u00e9 \u00e0 former des pasteurs et des responsables d\u2019\u00c9glises.<br>Le CEFCA a invit\u00e9 DOTAUPHA afin de contribuer \u00e0 accompagner cette nouvelle g\u00e9n\u00e9ration de serviteurs de Dieu dans leur formation.<\/p>\n<!-- \/wp:paragraph -->\n\n<!-- wp:image {\"id\":818,\"width\":\"780px\",\"height\":\"auto\",\"sizeSlug\":\"large\",\"linkDestination\":\"none\"} -->\n<figure class=\"wp-block-image size-large is-resized\"><img src=\"https:\/\/dotaupha.com\/wp-content\/uploads\/2025\/10\/WhatsApp-Image-2025-08-23-at-8.39.34-AM-769x1024.jpeg\" alt=\"\" class=\"wp-image-818\" style=\"width:780px;height:auto\"\/><figcaption class=\"wp-element-caption\"><em>Formateurs DOTAUPHA, Simon KEGLO et Alain FORSTER<\/em><\/figcaption><\/figure>\n<!-- \/wp:image -->\n\n<!-- wp:preformatted -->\n<pre class=\"wp-block-preformatted\"><\/pre>\n<!-- \/wp:preformatted -->\n\n<!-- wp:heading -->\n<h2 class=\"wp-block-heading\"><strong>Un enseignement intensif sur l\u2019interpr\u00e9tation du Nouveau Testament<\/strong><\/h2>\n<!-- \/wp:heading -->\n\n<p>Le s\u00e9minaire DOTAUPHA <em>\u00abComment bien interpr\u00e9ter la Parole de Dieu (Nouveau Testament)\u00bb<\/em> s\u2019est tenu du 18 au 22 ao\u00fbt 2025.<br \/>Il a propos\u00e9 environ 35 heures de cours et de travaux pratiques, avec notamment des exercices en groupe et un devoir sur table.<\/p>\n\n<!-- wp:heading -->\n<h2 class=\"wp-block-heading\"><strong>Des \u00e9tudiants motiv\u00e9s et reconnaissants<\/strong><\/h2>\n<!-- \/wp:heading -->\n\n<!-- wp:paragraph -->\n<p>Nous sommes reconnaissants au Seigneur pour l\u2019int\u00e9r\u00eat manifest\u00e9 par les 28 \u00e9tudiants pr\u00e9sents. Leur d\u00e9sir d\u2019\u00e9tudier la Parole de Dieu de mani\u00e8re approfondie et de mettre en pratique les enseignements re\u00e7us durant cette<strong> <\/strong>formation a \u00e9t\u00e9 une grande source d\u2019encouragement.<\/p>\n<!-- \/wp:paragraph -->\n\n<!-- wp:image {\"id\":819,\"sizeSlug\":\"large\",\"linkDestination\":\"none\"} -->\n<figure class=\"wp-block-image size-large\"><img src=\"https:\/\/dotaupha.com\/wp-content\/uploads\/2025\/10\/IMG_20250822_160450-1024x769.jpg\" alt=\"\" class=\"wp-image-819\"\/><figcaption class=\"wp-element-caption\"><em>Photo d\u2019ensemble du groupe en cours de s\u00e9minaire<\/em><\/figcaption><\/figure>\n<!-- \/wp:image -->\n\n<!-- wp:heading -->\n<h2 class=\"wp-block-heading\"><strong>Vers un partenariat durable<\/strong><\/h2>\n<!-- \/wp:heading -->\n\n<!-- wp:paragraph -->\n<p>Le <strong>CEFCA<\/strong>, qui accueille r\u00e9guli\u00e8rement des \u00e9tudiants tout au long de l\u2019ann\u00e9e, joue un r\u00f4le essentiel pour \u00e9quiper une nouvelle g\u00e9n\u00e9ration de serviteurs de Dieu en Afrique francophone. Conscient de l\u2019importance de ce travail, son responsable a exprim\u00e9 le souhait de voir <strong>se poursuivre le partenariat avec DOTAUPHA<\/strong> afin que d\u2019autres s\u00e9minaires puissent \u00eatre organis\u00e9s lors des sessions estivales \u00e0 venir.<\/p>\n<!-- \/wp:paragraph -->\n\n<!-- wp:paragraph -->\n<p><\/p>\n<!-- \/wp:paragraph -->\n\n<!-- wp:image {\"id\":820,\"sizeSlug\":\"large\",\"linkDestination\":\"none\"} -->\n<figure class=\"wp-block-image size-large\"><img src=\"https:\/\/dotaupha.com\/wp-content\/uploads\/2025\/10\/WhatsApp-Image-2025-08-23-at-8.13.19-AM-1-1024x770.jpeg\" alt=\"\" class=\"wp-image-820\"\/><figcaption class=\"wp-element-caption\"><em>Photo de groupe, formateurs DOTAUPHA et \u00e9tudiants du CEFCA<\/em><\/figcaption><\/figure>\n<!-- \/wp:image -->\n\n<p style=\"text-align: justify;\">Nous voyons dans cette collaboration un signe de la fid\u00e9lit\u00e9 du Seigneur et une belle opportunit\u00e9 de contribuer, \u00e0 notre mesure, \u00e0 la formation biblique et th\u00e9ologique de ceux qui portent la responsabilit\u00e9 d\u2019enseigner et de conduire l\u2019\u00c9glise.<\/p>\n<p style=\"text-align: center;\"><em>\"Et ce que tu as entendu de moi en pr\u00e9sence de nombreux t\u00e9moins, confie-le \u00e0 des hommes fid\u00e8les, qui soient capables de l\u2019enseigner aussi \u00e0 d\u2019autres.\"<\/em> (2 Timoth\u00e9e 2:2)<\/p>","_et_gb_content_width":"","_jetpack_memberships_contains_paid_content":false,"footnotes":""},"categories":[19],"tags":[],"class_list":["post-817","post","type-post","status-publish","format-standard","hentry","category-non-classe-en"],"jetpack_featured_media_url":"","jetpack_sharing_enabled":true,"_links":{"self":[{"href":"https:\/\/dotaupha.com\/fr\/wp-json\/wp\/v2\/posts\/817","targetHints":{"allow":["GET"]}}],"collection":[{"href":"https:\/\/dotaupha.com\/fr\/wp-json\/wp\/v2\/posts"}],"about":[{"href":"https:\/\/dotaupha.com\/fr\/wp-json\/wp\/v2\/types\/post"}],"author":[{"embeddable":true,"href":"https:\/\/dotaupha.com\/fr\/wp-json\/wp\/v2\/users\/2"}],"replies":[{"embeddable":true,"href":"https:\/\/dotaupha.com\/fr\/wp-json\/wp\/v2\/comments?post=817"}],"version-history":[{"count":10,"href":"https:\/\/dotaupha.com\/fr\/wp-json\/wp\/v2\/posts\/817\/revisions"}],"predecessor-version":[{"id":831,"href":"https:\/\/dotaupha.com\/fr\/wp-json\/wp\/v2\/posts\/817\/revisions\/831"}],"wp:attachment":[{"href":"https:\/\/dotaupha.com\/fr\/wp-json\/wp\/v2\/media?parent=817"}],"wp:term":[{"taxonomy":"category","embeddable":true,"href":"https:\/\/dotaupha.com\/fr\/wp-json\/wp\/v2\/categories?post=817"},{"taxonomy":"post_tag","embeddable":true,"href":"https:\/\/dotaupha.com\/fr\/wp-json\/wp\/v2\/tags?post=817"}],"curies":[{"name":"wp","href":"https:\/\/api.w.org\/{rel}","templated":true}]}}