{"id":809,"date":"2024-04-11T00:17:13","date_gmt":"2024-04-10T22:17:13","guid":{"rendered":"https:\/\/dotaupha.com\/?p=809"},"modified":"2025-10-08T00:13:37","modified_gmt":"2025-10-07T22:13:37","slug":"deuxieme-volet-de-formation-des-aumoniers-militaires-protestants-a-kinshasa","status":"publish","type":"post","link":"https:\/\/dotaupha.com\/fr\/deuxieme-volet-de-formation-des-aumoniers-militaires-protestants-a-kinshasa","title":{"rendered":"Deuxi\u00e8me volet de formation des aum\u00f4niers militaires protestants \u00e0 Kinshasa"},"content":{"rendered":"\n<p>Nous avons le plaisir de vous annoncer que nous programmons un nouveau voyage en R\u00e9publique d\u00e9mocratique du Congo (RDC) entre les 11 et 31 mai 2024. Ce voyage a plusieurs objectifs.<\/p>\n\n\n\n<figure class=\"wp-block-image size-large\"><img loading=\"lazy\" decoding=\"async\" width=\"1024\" height=\"461\" src=\"https:\/\/dotaupha.com\/wp-content\/uploads\/2024\/04\/Salle-de-formation-1024x461.jpeg\" alt=\"\" class=\"wp-image-838\" srcset=\"https:\/\/dotaupha.com\/wp-content\/uploads\/2024\/04\/Salle-de-formation-980x441.jpeg 980w, https:\/\/dotaupha.com\/wp-content\/uploads\/2024\/04\/Salle-de-formation-480x216.jpeg 480w\" sizes=\"(min-width: 0px) and (max-width: 480px) 480px, (min-width: 481px) and (max-width: 980px) 980px, (min-width: 981px) 1024px, 100vw\" \/><figcaption class=\"wp-element-caption\">Deuxi\u00e8me volet de formation des aum\u00f4niers militaires<\/figcaption><\/figure>\n\n\n\n<p>Tout d&rsquo;abord, nous allons donner suite au premier s\u00e9minaire organis\u00e9 pour les aum\u00f4niers militaires sur le nouveau testament en fin 2021 avec un deuxi\u00e8me s\u00e9minaire sur l&rsquo;ancien testament. Nous animerons \u00e9galement un premier s\u00e9minaire pour les pr\u00e9dicateurs civils.<\/p>\n\n\n\n<figure class=\"wp-block-image size-large\"><img loading=\"lazy\" decoding=\"async\" width=\"1024\" height=\"462\" src=\"https:\/\/dotaupha.com\/wp-content\/uploads\/2024\/04\/30839-1024x462.jpg\" alt=\"\" class=\"wp-image-834\" srcset=\"https:\/\/dotaupha.com\/wp-content\/uploads\/2024\/04\/30839-980x442.jpg 980w, https:\/\/dotaupha.com\/wp-content\/uploads\/2024\/04\/30839-480x216.jpg 480w\" sizes=\"(min-width: 0px) and (max-width: 480px) 480px, (min-width: 481px) and (max-width: 980px) 980px, (min-width: 981px) 1024px, 100vw\" \/><figcaption class=\"wp-element-caption\">Premier volet de formation \u00e0 destination de pr\u00e9dicateurs civils<\/figcaption><\/figure>\n\n\n\n<p>Par ailleurs, nous avons \u00e0 c\u0153ur de former des femmes dans la parole et sur des probl\u00e9matiques sp\u00e9cifiques \u00e0 leur contexte en RDC, dont les violences. Ce voyage sera l&rsquo;occasion de rencontrer et mener des entretiens avec des femmes sur diff\u00e9rents sujets pratiques en vue de mettre en place une formation adapt\u00e9e dans un futur proche.<\/p>\n\n\n\n<figure class=\"wp-block-image size-large\"><img loading=\"lazy\" decoding=\"async\" width=\"1024\" height=\"461\" src=\"https:\/\/dotaupha.com\/wp-content\/uploads\/2024\/04\/30763-1024x461.jpg\" alt=\"\" class=\"wp-image-832\" srcset=\"https:\/\/dotaupha.com\/wp-content\/uploads\/2024\/04\/30763-980x441.jpg 980w, https:\/\/dotaupha.com\/wp-content\/uploads\/2024\/04\/30763-480x216.jpg 480w\" sizes=\"(min-width: 0px) and (max-width: 480px) 480px, (min-width: 481px) and (max-width: 980px) 980px, (min-width: 981px) 1024px, 100vw\" \/><figcaption class=\"wp-element-caption\">Consultation avec un groupe d&rsquo;environ 70 femmes dans une \u00e9glise de Kinshasa<\/figcaption><\/figure>\n\n\n\n<p>Enfin, nous rechercherons un lieu pour la \u00ab\u00a0Maison pour tous\u00a0\u00bb.<\/p>\n\n\n\n<p>Nous vous donnons rendez-vous le vendredi 3 mai 2024 \u00e0 20h30 (lien et adresse du RDV sur demande via l&rsquo;onglet \u00ab\u00a0contactez nous\u00a0\u00bb ci dessous, en pr\u00e9cisant vos coordonn\u00e9es)<\/p>\n","protected":false},"excerpt":{"rendered":"<p>Nous avons le plaisir de vous annoncer que nous programmons un nouveau voyage en R\u00e9publique d\u00e9mocratique du Congo (RDC) entre les 11 et 31 mai 2024. Ce voyage a plusieurs objectifs. Tout d&rsquo;abord, nous allons donner suite au premier s\u00e9minaire organis\u00e9 pour les aum\u00f4niers militaires sur le nouveau testament en fin 2021 avec un deuxi\u00e8me [&hellip;]<\/p>\n","protected":false},"author":2,"featured_media":0,"comment_status":"open","ping_status":"open","sticky":false,"template":"","format":"standard","meta":{"_et_pb_use_builder":"off","_et_pb_old_content":"<!-- wp:paragraph -->\n<p>Nous avons le plaisir de vous annoncer que nous programmons un nouveau voyage en R\u00e9publique d\u00e9mocratique du Congo (RDC) entre les 11 et 31 mai 2024. Ce voyage a plusieurs objectifs.<\/p>\n<!-- \/wp:paragraph -->\n\n<!-- wp:paragraph -->\n<p>Tout d'abord, nous allons donner suite au premier s\u00e9minaire organis\u00e9 pour les aum\u00f4niers militaires sur le nouveau testament en fin 2021 avec un deuxi\u00e8me s\u00e9minaire sur l'ancien testament. Nous animerons \u00e9galement un premier s\u00e9minaire pour les pr\u00e9dicateurs civils.<\/p>\n<!-- \/wp:paragraph -->\n\n<!-- wp:image {\"id\":834,\"sizeSlug\":\"large\",\"linkDestination\":\"none\"} -->\n<figure class=\"wp-block-image size-large\"><img src=\"https:\/\/dotaupha.com\/wp-content\/uploads\/2024\/04\/30839-1024x462.jpg\" alt=\"\" class=\"wp-image-834\"\/><\/figure>\n<!-- \/wp:image -->\n\n<!-- wp:paragraph -->\n<p>Par ailleurs, nous avons \u00e0 c\u0153ur de former des femmes dans la parole et sur des probl\u00e9matiques sp\u00e9cifiques \u00e0 leur contexte en RDC, dont les violences. Ce voyage sera l'occasion de rencontrer et mener des entretiens avec des femmes sur diff\u00e9rents sujets pratiques en vue de mettre en place une formation adapt\u00e9e dans un futur proche.<\/p>\n<!-- \/wp:paragraph -->\n\n<!-- wp:image {\"id\":832,\"sizeSlug\":\"large\",\"linkDestination\":\"none\"} -->\n<figure class=\"wp-block-image size-large\"><img src=\"https:\/\/dotaupha.com\/wp-content\/uploads\/2024\/04\/30763-1024x461.jpg\" alt=\"\" class=\"wp-image-832\"\/><figcaption class=\"wp-element-caption\">Consultation avec un groupe d'environ 70 femmes dans une \u00e9glise de Kinshasa<\/figcaption><\/figure>\n<!-- \/wp:image -->\n\n<!-- wp:paragraph -->\n<p>Enfin, nous rechercherons un lieu pour la \"Maison pour tous\".<\/p>\n<!-- \/wp:paragraph -->\n\n<!-- wp:paragraph -->\n<p>Nous vous donnons rendez-vous le vendredi 3 mai 2024 \u00e0 20h30 (lien et adresse du RDV sur demande via l'onglet \"contactez nous\" ci dessous, en pr\u00e9cisant vos coordonn\u00e9es)<\/p>\n<!-- \/wp:paragraph -->","_et_gb_content_width":"","_jetpack_memberships_contains_paid_content":false,"footnotes":""},"categories":[19],"tags":[],"class_list":["post-809","post","type-post","status-publish","format-standard","hentry","category-non-classe-en"],"jetpack_featured_media_url":"","jetpack_sharing_enabled":true,"_links":{"self":[{"href":"https:\/\/dotaupha.com\/fr\/wp-json\/wp\/v2\/posts\/809","targetHints":{"allow":["GET"]}}],"collection":[{"href":"https:\/\/dotaupha.com\/fr\/wp-json\/wp\/v2\/posts"}],"about":[{"href":"https:\/\/dotaupha.com\/fr\/wp-json\/wp\/v2\/types\/post"}],"author":[{"embeddable":true,"href":"https:\/\/dotaupha.com\/fr\/wp-json\/wp\/v2\/users\/2"}],"replies":[{"embeddable":true,"href":"https:\/\/dotaupha.com\/fr\/wp-json\/wp\/v2\/comments?post=809"}],"version-history":[{"count":4,"href":"https:\/\/dotaupha.com\/fr\/wp-json\/wp\/v2\/posts\/809\/revisions"}],"predecessor-version":[{"id":839,"href":"https:\/\/dotaupha.com\/fr\/wp-json\/wp\/v2\/posts\/809\/revisions\/839"}],"wp:attachment":[{"href":"https:\/\/dotaupha.com\/fr\/wp-json\/wp\/v2\/media?parent=809"}],"wp:term":[{"taxonomy":"category","embeddable":true,"href":"https:\/\/dotaupha.com\/fr\/wp-json\/wp\/v2\/categories?post=809"},{"taxonomy":"post_tag","embeddable":true,"href":"https:\/\/dotaupha.com\/fr\/wp-json\/wp\/v2\/tags?post=809"}],"curies":[{"name":"wp","href":"https:\/\/api.w.org\/{rel}","templated":true}]}}